{"id":676,"date":"2022-09-06T21:27:52","date_gmt":"2022-09-06T21:27:52","guid":{"rendered":"https:\/\/www.karatecolmenar.es\/karate\/?p=676"},"modified":"2022-09-06T21:28:39","modified_gmt":"2022-09-06T21:28:39","slug":"comenzamos-el-dia-14","status":"publish","type":"post","link":"https:\/\/www.karatecolmenar.es\/karate\/general\/comenzamos-el-dia-14\/","title":{"rendered":"\u00a1Comenzamos el d\u00eda 14!"},"content":{"rendered":"\n<p>Estimados alumnos y familiares: <\/p>\n\n\n\n<p>con el verano a punto de finalizar nos ponemos en marcha un a\u00f1o m\u00e1s.<\/p>\n\n\n\n<p>El pr\u00f3ximo <strong>mi\u00e9rcoles d\u00eda 14 de septiembre iniciaremos el nuevo curso con los mismos horarios del curso anterior<\/strong>:<\/p>\n\n\n\n<ul><li>Peque\u00f1os (de 5 a 9 a\u00f1os): de 18:00 a 18:55.<\/li><li>Medianos (de 10 a 14 a\u00f1os) : de 19:00 a 19:55.<\/li><li>Adultos, ni\u00f1os grandes y viejas glorias: de 20:00 a 21:00<\/li><\/ul>\n\n\n\n<p>Las clases tendr\u00e1n lugar los <strong>lunes, mi\u00e9rcoles y viernes<\/strong> en las instalaciones de la piscina municipal de verano. <\/p>\n\n\n\n<p>La clasificaci\u00f3n en grupos atendiendo a la edad del alumno es \u00fanicamente orientativa. Los profesores del Club determinar\u00e1n cu\u00e1l es el grupo m\u00e1s adecuado para cada alumno. Como en a\u00f1os anteriores, desde el Club se har\u00e1 el esfuerzo para atender las necesidades de las familias en lo que respecta a la asignaci\u00f3n de alumnos a los distintos grupos.  <\/p>\n","protected":false},"excerpt":{"rendered":"<p>Estimados alumnos y familiares: con el verano a punto de finalizar nos ponemos en marcha un a\u00f1o m\u00e1s. El pr\u00f3ximo mi\u00e9rcoles d\u00eda 14 de septiembre iniciaremos el nuevo curso con los mismos horarios del curso anterior: Peque\u00f1os (de 5 a 9 a\u00f1os): de 18:00 a 18:55. Medianos (de 10 a 14 a\u00f1os) : de 19:00 &hellip; <\/p>\n<p class=\"link-more\"><a href=\"https:\/\/www.karatecolmenar.es\/karate\/general\/comenzamos-el-dia-14\/\" class=\"more-link\">Continuar leyendo<span class=\"screen-reader-text\"> &#8220;\u00a1Comenzamos el d\u00eda 14!&#8221;<\/span><\/a><\/p>\n","protected":false},"author":1,"featured_media":0,"comment_status":"closed","ping_status":"closed","sticky":true,"template":"","format":"standard","meta":[],"categories":[3],"tags":[],"_links":{"self":[{"href":"https:\/\/www.karatecolmenar.es\/karate\/wp-json\/wp\/v2\/posts\/676"}],"collection":[{"href":"https:\/\/www.karatecolmenar.es\/karate\/wp-json\/wp\/v2\/posts"}],"about":[{"href":"https:\/\/www.karatecolmenar.es\/karate\/wp-json\/wp\/v2\/types\/post"}],"author":[{"embeddable":true,"href":"https:\/\/www.karatecolmenar.es\/karate\/wp-json\/wp\/v2\/users\/1"}],"replies":[{"embeddable":true,"href":"https:\/\/www.karatecolmenar.es\/karate\/wp-json\/wp\/v2\/comments?post=676"}],"version-history":[{"count":1,"href":"https:\/\/www.karatecolmenar.es\/karate\/wp-json\/wp\/v2\/posts\/676\/revisions"}],"predecessor-version":[{"id":677,"href":"https:\/\/www.karatecolmenar.es\/karate\/wp-json\/wp\/v2\/posts\/676\/revisions\/677"}],"wp:attachment":[{"href":"https:\/\/www.karatecolmenar.es\/karate\/wp-json\/wp\/v2\/media?parent=676"}],"wp:term":[{"taxonomy":"category","embeddable":true,"href":"https:\/\/www.karatecolmenar.es\/karate\/wp-json\/wp\/v2\/categories?post=676"},{"taxonomy":"post_tag","embeddable":true,"href":"https:\/\/www.karatecolmenar.es\/karate\/wp-json\/wp\/v2\/tags?post=676"}],"curies":[{"name":"wp","href":"https:\/\/api.w.org\/{rel}","templated":true}]}}