{"id":553,"date":"2021-12-15T19:37:38","date_gmt":"2021-12-15T19:37:38","guid":{"rendered":"https:\/\/www.karatecolmenar.es\/karate\/?p=553"},"modified":"2022-09-11T14:42:04","modified_gmt":"2022-09-11T14:42:04","slug":"paramos-por-navidad","status":"publish","type":"post","link":"https:\/\/www.karatecolmenar.es\/karate\/general\/paramos-por-navidad\/","title":{"rendered":"Paramos por Navidad"},"content":{"rendered":"\n<p>Estimadas familias, <\/p>\n\n\n\n<p>ha llegado el momento de hacer una peque\u00f1a pausa para descansar y reponer fuerzas. Inicialmente en los planes del Club estaba impartir las clases del d\u00eda 20 de diciembre pero a la vista de la situaci\u00f3n sanitaria en lo que respecta a la pandemia por Covid-19 desde la directiva del Club hemos decidido suspender esas clases.<\/p>\n\n\n\n<p>Por tanto el <strong> pr\u00f3ximo lunes, d\u00eda 20 de diciembre NO hay clase de karate. <\/strong> Lamentamos haber tenido que tomar esta decisi\u00f3n pero creemos que es lo prudente y conveniente. Volveremos de nuevo a entrenar el d\u00eda 10 de enero del a\u00f1o que viene.<\/p>\n\n\n\n<p>Os deseamos a todos una feliz Navidad y una feliz salida y entrada de a\u00f1o. Que el a\u00f1o nuevo reparta suerte y salud para todos.  <\/p>\n","protected":false},"excerpt":{"rendered":"<p>Estimadas familias, ha llegado el momento de hacer una peque\u00f1a pausa para descansar y reponer fuerzas. Inicialmente en los planes del Club estaba impartir las clases del d\u00eda 20 de diciembre pero a la vista de la situaci\u00f3n sanitaria en lo que respecta a la pandemia por Covid-19 desde la directiva del Club hemos decidido &hellip; <\/p>\n<p class=\"link-more\"><a href=\"https:\/\/www.karatecolmenar.es\/karate\/general\/paramos-por-navidad\/\" class=\"more-link\">Continuar leyendo<span class=\"screen-reader-text\"> &#8220;Paramos por Navidad&#8221;<\/span><\/a><\/p>\n","protected":false},"author":1,"featured_media":0,"comment_status":"closed","ping_status":"closed","sticky":false,"template":"","format":"standard","meta":[],"categories":[3],"tags":[],"_links":{"self":[{"href":"https:\/\/www.karatecolmenar.es\/karate\/wp-json\/wp\/v2\/posts\/553"}],"collection":[{"href":"https:\/\/www.karatecolmenar.es\/karate\/wp-json\/wp\/v2\/posts"}],"about":[{"href":"https:\/\/www.karatecolmenar.es\/karate\/wp-json\/wp\/v2\/types\/post"}],"author":[{"embeddable":true,"href":"https:\/\/www.karatecolmenar.es\/karate\/wp-json\/wp\/v2\/users\/1"}],"replies":[{"embeddable":true,"href":"https:\/\/www.karatecolmenar.es\/karate\/wp-json\/wp\/v2\/comments?post=553"}],"version-history":[{"count":3,"href":"https:\/\/www.karatecolmenar.es\/karate\/wp-json\/wp\/v2\/posts\/553\/revisions"}],"predecessor-version":[{"id":557,"href":"https:\/\/www.karatecolmenar.es\/karate\/wp-json\/wp\/v2\/posts\/553\/revisions\/557"}],"wp:attachment":[{"href":"https:\/\/www.karatecolmenar.es\/karate\/wp-json\/wp\/v2\/media?parent=553"}],"wp:term":[{"taxonomy":"category","embeddable":true,"href":"https:\/\/www.karatecolmenar.es\/karate\/wp-json\/wp\/v2\/categories?post=553"},{"taxonomy":"post_tag","embeddable":true,"href":"https:\/\/www.karatecolmenar.es\/karate\/wp-json\/wp\/v2\/tags?post=553"}],"curies":[{"name":"wp","href":"https:\/\/api.w.org\/{rel}","templated":true}]}}