{"id":375,"date":"2021-09-09T19:06:52","date_gmt":"2021-09-09T19:06:52","guid":{"rendered":"https:\/\/www.karatecolmenar.es\/karate\/?p=375"},"modified":"2021-09-09T20:02:02","modified_gmt":"2021-09-09T20:02:02","slug":"comenzamos-el-dia-17","status":"publish","type":"post","link":"https:\/\/www.karatecolmenar.es\/karate\/general\/comenzamos-el-dia-17\/","title":{"rendered":"\u00a1Comenzamos el d\u00eda 17!"},"content":{"rendered":"\n<p>Queridos karatecas y familiares, <\/p>\n\n\n\n<p>nos complace anunciar que comenzaremos el curso el pr\u00f3ximo viernes d\u00eda 17.<\/p>\n\n\n\n<p>Antes de nada queremos daros la gracias por todas las pre-inscripciones que hemos recibido estos d\u00edas en la web del Club. Os agradecemos de coraz\u00f3n todos los comentarios de \u00e1nimo y agradecimiento que nos hab\u00e9is hecho llegar. Nos alientan para seguir trabajando en la misma l\u00ednea y conseguir que el Club siga creciendo junto a todos vosotros. <\/p>\n\n\n\n<p>Tambi\u00e9n nos hab\u00e9is hecho llegar muchas preguntas y os iremos respondiendo individualmente por email  a todos. Os pedimos un poco de paciencia pues son muchas las cuestiones planteadas. Por el momento, os dejamos a continuaci\u00f3n algunos comentarios e indicaciones que servir\u00e1n de respuesta a las preguntas m\u00e1s repetidas.<\/p>\n\n\n\n<p><strong>La edad m\u00ednima para inscribirse en el curso es de 5 a\u00f1os.<\/strong> Como este a\u00f1o vamos a contar con una cuarta hora lectiva (de 17:15 a 18:05) para los m\u00e1s peque\u00f1os, estamos trabajando para poder admitir a ni\u00f1os de 4 a\u00f1os. Os comunicaremos lo antes posible si finalmente se podr\u00e1n inscribir los ni\u00f1os de 4 a\u00f1os o no. \u00a1Estad atentos a la Web estos d\u00edas! <\/p>\n\n\n\n<p><strong>No es necesario acudir el primer d\u00eda con karategi<\/strong>. Muchos padres ten\u00e9is la duda de si a vuestros hijos les gustar\u00e1 la actividad y el miedo a comprar un karategi para que finalmente se utilice uno o dos d\u00edas y acabe en el caj\u00f3n de los &#8220;disfraces&#8221;. \u00a1Nos os preocup\u00e9is, ni os agobi\u00e9is! Que vengan en ch\u00e1ndal y prueben un par de d\u00edas. Si les gusta, que lo har\u00e1, pod\u00e9is encontrar karategis muy baratos en Decathlon (por debajo de los 15 euros e incluso por debajo de 10 euros en ocasiones). Los ni\u00f1os crecen muy r\u00e1pido y de un a\u00f1o para otro el karategi se les puede quedar peque\u00f1o por lo que no merece la pena gastar mucho dinero en un karategi que a lo sumo les durar\u00e1 un par de temporadas. <\/p>\n\n\n\n<p><strong>Las clases son los lunes, mi\u00e9rcoles y viernes.<\/strong> <\/p>\n\n\n\n<p>\u00a1Nos vemos pronto!    <\/p>\n","protected":false},"excerpt":{"rendered":"<p>Queridos karatecas y familiares, nos complace anunciar que comenzaremos el curso el pr\u00f3ximo viernes d\u00eda 17. Antes de nada queremos daros la gracias por todas las pre-inscripciones que hemos recibido estos d\u00edas en la web del Club. Os agradecemos de coraz\u00f3n todos los comentarios de \u00e1nimo y agradecimiento que nos hab\u00e9is hecho llegar. Nos alientan &hellip; <\/p>\n<p class=\"link-more\"><a href=\"https:\/\/www.karatecolmenar.es\/karate\/general\/comenzamos-el-dia-17\/\" class=\"more-link\">Continuar leyendo<span class=\"screen-reader-text\"> &#8220;\u00a1Comenzamos el d\u00eda 17!&#8221;<\/span><\/a><\/p>\n","protected":false},"author":1,"featured_media":0,"comment_status":"closed","ping_status":"closed","sticky":true,"template":"","format":"standard","meta":[],"categories":[3],"tags":[],"_links":{"self":[{"href":"https:\/\/www.karatecolmenar.es\/karate\/wp-json\/wp\/v2\/posts\/375"}],"collection":[{"href":"https:\/\/www.karatecolmenar.es\/karate\/wp-json\/wp\/v2\/posts"}],"about":[{"href":"https:\/\/www.karatecolmenar.es\/karate\/wp-json\/wp\/v2\/types\/post"}],"author":[{"embeddable":true,"href":"https:\/\/www.karatecolmenar.es\/karate\/wp-json\/wp\/v2\/users\/1"}],"replies":[{"embeddable":true,"href":"https:\/\/www.karatecolmenar.es\/karate\/wp-json\/wp\/v2\/comments?post=375"}],"version-history":[{"count":3,"href":"https:\/\/www.karatecolmenar.es\/karate\/wp-json\/wp\/v2\/posts\/375\/revisions"}],"predecessor-version":[{"id":378,"href":"https:\/\/www.karatecolmenar.es\/karate\/wp-json\/wp\/v2\/posts\/375\/revisions\/378"}],"wp:attachment":[{"href":"https:\/\/www.karatecolmenar.es\/karate\/wp-json\/wp\/v2\/media?parent=375"}],"wp:term":[{"taxonomy":"category","embeddable":true,"href":"https:\/\/www.karatecolmenar.es\/karate\/wp-json\/wp\/v2\/categories?post=375"},{"taxonomy":"post_tag","embeddable":true,"href":"https:\/\/www.karatecolmenar.es\/karate\/wp-json\/wp\/v2\/tags?post=375"}],"curies":[{"name":"wp","href":"https:\/\/api.w.org\/{rel}","templated":true}]}}