{"id":146,"date":"2020-09-14T16:40:11","date_gmt":"2020-09-14T16:40:11","guid":{"rendered":"http:\/\/www.karatecolmenar.es\/karate\/?p=146"},"modified":"2021-09-03T12:16:27","modified_gmt":"2021-09-03T12:16:27","slug":"comenzamos","status":"publish","type":"post","link":"https:\/\/www.karatecolmenar.es\/karate\/general\/comenzamos\/","title":{"rendered":"\u00a1Comenzamos!"},"content":{"rendered":"\n<p>\u00a1Hola a todos karatecas!<\/p>\n\n\n\n<p>Se ha hecho larga la espera pero por fin estamos de vuelta y con muchas ganas de comenzar. <\/p>\n\n\n\n<p>El pr\u00f3ximo <strong>mi\u00e9rcoles d\u00eda 16 de septiembre <\/strong>iniciamos el curso. Os pedimos, especialmente a los padres, paciencia y puntualidad para los primeros d\u00edas. Las circunstancias son complicadas y cambiantes. De una semana para otra cambian las medias, las recomendaciones y los protocolos para afrontar la dura pandemia que nos azota. Lo m\u00e1s importante para todos es que podamos realizar nuestra actividad favorita de forma segura y sin riesgo para nadie. <\/p>\n\n\n\n<p>Entre hoy y ma\u00f1ana vamos a publicar un dec\u00e1logo con las normas b\u00e1sicas para practicar karate con seguridad y minimizar los riesgos de contagio por covid19. Os rogamos encarecidamente que est\u00e9is atentos a su publicaci\u00f3n y lo le\u00e1is detenidamente antes de acudir el mi\u00e9rcoles a la primera clase del curso.<\/p>\n\n\n\n<p>El acceso a las instalaciones se deber\u00e1 realizar por la puerta norte, es decir, aquella que da acceso a las canchas de tenis (la de arriba, para que nos entendamos). La salida de alumnos al finalizar la clase se realizar\u00e1 por la puerta sur (la de abajo). Con el fin de evitaros m\u00e1s quebraderos de cabeza los grupos ser\u00e1n inicialmente los mismos que el a\u00f1o pasado. Los profesores os propondr\u00e1n cualquier cambio que consideren conveniente para que vuestros hijos saquen el m\u00e1ximo partido a las clases. <\/p>\n\n\n\n<p>Con respecto a los horarios, ser\u00e1n lo siguientes:<\/p>\n\n\n\n<ul><li><strong>Primer turno (&#8220;los peques&#8221;): de 18:00 a 18:50. <\/strong><\/li><li><strong>Segundo turno (&#8220;los medianos&#8221;): de 19:00 a 19:50.<\/strong><\/li><li><strong>Tercer turno (&#8220;ni\u00f1os creciditos y adultos&#8221;): de 20:00 a 21:00.<\/strong><\/li><\/ul>\n\n\n\n<p>Por \u00faltimo, os informamos de que estamos preparando un nuevo formulario para realizar la inscripci\u00f3n formal en el curso. En breve publicaremos el formulario en la web. \u00a1Estad atentos!<\/p>\n\n\n\n<p>Los dicho, preparad vuestros karategis porque el momento de comenzar a sudarlos y quemar la grasa ingerida durante el veranito est\u00e1 muy cerca.    <\/p>\n\n\n\n<p>Nos vemos el mi\u00e9rcoles. \u00a1No falt\u00e9is!<\/p>\n","protected":false},"excerpt":{"rendered":"<p>\u00a1Hola a todos karatecas! Se ha hecho larga la espera pero por fin estamos de vuelta y con muchas ganas de comenzar. El pr\u00f3ximo mi\u00e9rcoles d\u00eda 16 de septiembre iniciamos el curso. Os pedimos, especialmente a los padres, paciencia y puntualidad para los primeros d\u00edas. Las circunstancias son complicadas y cambiantes. De una semana para &hellip; <\/p>\n<p class=\"link-more\"><a href=\"https:\/\/www.karatecolmenar.es\/karate\/general\/comenzamos\/\" class=\"more-link\">Continuar leyendo<span class=\"screen-reader-text\"> &#8220;\u00a1Comenzamos!&#8221;<\/span><\/a><\/p>\n","protected":false},"author":1,"featured_media":0,"comment_status":"closed","ping_status":"closed","sticky":false,"template":"","format":"standard","meta":[],"categories":[3],"tags":[],"_links":{"self":[{"href":"https:\/\/www.karatecolmenar.es\/karate\/wp-json\/wp\/v2\/posts\/146"}],"collection":[{"href":"https:\/\/www.karatecolmenar.es\/karate\/wp-json\/wp\/v2\/posts"}],"about":[{"href":"https:\/\/www.karatecolmenar.es\/karate\/wp-json\/wp\/v2\/types\/post"}],"author":[{"embeddable":true,"href":"https:\/\/www.karatecolmenar.es\/karate\/wp-json\/wp\/v2\/users\/1"}],"replies":[{"embeddable":true,"href":"https:\/\/www.karatecolmenar.es\/karate\/wp-json\/wp\/v2\/comments?post=146"}],"version-history":[{"count":7,"href":"https:\/\/www.karatecolmenar.es\/karate\/wp-json\/wp\/v2\/posts\/146\/revisions"}],"predecessor-version":[{"id":156,"href":"https:\/\/www.karatecolmenar.es\/karate\/wp-json\/wp\/v2\/posts\/146\/revisions\/156"}],"wp:attachment":[{"href":"https:\/\/www.karatecolmenar.es\/karate\/wp-json\/wp\/v2\/media?parent=146"}],"wp:term":[{"taxonomy":"category","embeddable":true,"href":"https:\/\/www.karatecolmenar.es\/karate\/wp-json\/wp\/v2\/categories?post=146"},{"taxonomy":"post_tag","embeddable":true,"href":"https:\/\/www.karatecolmenar.es\/karate\/wp-json\/wp\/v2\/tags?post=146"}],"curies":[{"name":"wp","href":"https:\/\/api.w.org\/{rel}","templated":true}]}}